{"id":53,"date":"2025-06-02T15:58:29","date_gmt":"2025-06-02T13:58:29","guid":{"rendered":"https:\/\/tbm2026paris.org\/?p=53"},"modified":"2025-06-02T16:13:33","modified_gmt":"2025-06-02T14:13:33","slug":"message-from-the-scientific-committee-chairs","status":"publish","type":"post","link":"https:\/\/tbm2026paris.org\/index.php\/2025\/06\/02\/message-from-the-scientific-committee-chairs\/","title":{"rendered":"Message from the Scientific Committee Chairs"},"content":{"rendered":"<div class=\"wpb-content-wrapper\"><p>[vc_row][vc_column width=&#8221;1\/2&#8243;][vc_column_text css=&#8221;&#8221;]It is with great honor that we welcome you to this conference, dedicated to a reflection as urgent as it is necessary: the impact of contemporary turbulence on our capacity to mentalize, to care, and to conceptualize psychotherapeutic care itself.<\/p>\n<p>In a world shaken by escalating geopolitical tensions, recurrent health crises, and growing social fragmentation, we find ourselves &#8211; as clinicians, citizens, and at times as patients &#8211; confronted by a pervasive atmosphere of uncertainty. This uncertainty unsettles our internal and relational anchors, weakens intersubjective connections, and places our sense of safety under considerable strain. These pressures bear not only upon individual and collective mental health, but also upon the very fabric of therapeutic work: its perceived value, its effectiveness, and its capacity to generate meaning.<br \/>\nAgainst this backdrop, the concept of mentalization &#8211; the ability to make sense of one\u2019s own and others\u2019 mental states &#8211; emerges as more central than ever. It provides both a clinical and humanistic lens through which we may understand regression, disconnection, and rupture, while also illuminating pathways for repair and recovery. Central to this process is the restoration of epistemic trust: the capacity to accept information from others as trustworthy, personally relevant, and meaningful. Without such trust, the therapeutic endeavour falters.<\/p>\n<p>This conference is also, fundamentally, about opportunity &#8211; the opportunity to rethink our models, to enrich the therapeutic dialogue, and to craft new strategies of intervention that attempt to address the collective traumas and existential challenges of our time. By bringing together researchers, clinicians, and thinkers from diverse backgrounds, we aim to foster a space where complexity is not an impediment, but a generative force.<\/p>\n<p>We hope that these days of exchange and reflection will nourish your practice, expand your perspectives, and reinforce &#8211; despite the turbulence &#8211; our shared commitment to a thriving, ethical, and profoundly human clinical approach.<\/p>\n<p>With deep appreciation for your presence and your engagement,<\/p>\n<p><strong>Professor Mario Speranza &amp; Professor Martin Debban\u00e9<\/strong><br \/>\n<strong>Chairs of the Scientific Committee<\/strong><br \/>\n<strong>Conference \u201cTurbulence and Mentalizing: Challenges and Opportunities\u201d<\/strong><br \/>\n<strong>ntalizing: Challenges and Opportunities\u201d<\/strong>[\/vc_column_text][\/vc_column][vc_column width=&#8221;1\/2&#8243;][vc_column_text css=&#8221;&#8221;]C\u2019est avec un grand honneur que nous vous accueillons \u00e0 cette conf\u00e9rence, plac\u00e9e sous le signe d\u2019une r\u00e9flexion urgente et n\u00e9cessaire : celle des effets des turbulences contemporaines sur notre capacit\u00e9 \u00e0 mentaliser, \u00e0 prendre soin, et \u00e0 penser le soin psychoth\u00e9rapeutique.<\/p>\n<p>Dans un monde secou\u00e9 par des instabilit\u00e9s g\u00e9opolitiques croissantes, des crises sanitaires successives, et une fragmentation sociale pr\u00e9occupante, nous sommes tous t\u00e9moins \u2014 et parfois patients \u2014 d\u2019un climat d\u2019incertitude qui \u00e9branle nos rep\u00e8res, fragilise les liens intersubjectifs, et met \u00e0 l\u2019\u00e9preuve notre sentiment de s\u00e9curit\u00e9. Ces contextes de tension affectent non seulement la sant\u00e9 mentale individuelle et collective, mais aussi la relation<br \/>\nde soin elle-m\u00eame : sa valeur per\u00e7ue, sa qualit\u00e9, et sa capacit\u00e9 \u00e0 produire du sens. Face \u00e0 ces d\u00e9fis, la notion de mentalisation \u2014 cette capacit\u00e9 \u00e0 comprendre ses propres \u00e9tats mentaux et ceux des autres \u2014 devient plus que jamais centrale. Elle nous offre un prisme \u00e0 la fois clinique et humaniste pour comprendre les r\u00e9gressions, les ruptures, mais aussi les possibilit\u00e9s de reconstruction. Cette reconstruction repose notamment sur la restauration de la confiance \u00e9pist\u00e9mique, cette capacit\u00e9 \u00e0 croire que ce que l\u2019autre nous<br \/>\ntransmet \u2014 dans le cadre th\u00e9rapeutique ou social \u2014 est digne de confiance, pertinent et porteur de sens. Sans une telle confiance, l\u2019entreprise th\u00e9rapeutique chancelle.<\/p>\n<p>Cette conf\u00e9rence se veut aussi r\u00e9solument tourn\u00e9e vers les opportunit\u00e9s : celle de repenser nos mod\u00e8les, d\u2019enrichir la communication th\u00e9rapeutique, d\u2019explorer de nouvelles strat\u00e9gies d\u2019intervention qui tiennent compte des traumatismes collectifs et des d\u00e9fis de notre temps. En rassemblant chercheurs, cliniciens et penseurs de divers horizons, nous voulons faire \u00e9merger des espaces de dialogue o\u00f9 la complexit\u00e9 ne sera pas un obstacle,<br \/>\nmais une ressource.<\/p>\n<p>Nous esp\u00e9rons que ces journ\u00e9es de r\u00e9flexion et de partage sauront nourrir votre pratique, \u00e9largir vos perspectives et renforcer, malgr\u00e9 les turbulences, notre engagement commun envers une clinique vivante, \u00e9thique et r\u00e9solument humaine.<\/p>\n<p>Avec toute notre reconnaissance pour votre participation et votre engagement,<\/p>\n<p><strong>Professeur Mario SPERANZA et Professeur Martin DEBBAN\u00c9<\/strong><br \/>\n<strong>Pr\u00e9sident du comit\u00e9 scientifique<\/strong><br \/>\n<strong>Conf\u00e9rence \u00ab Turbulence et mentalisation : d\u00e9fis et opportunit\u00e9s \u00bb<\/strong>[\/vc_column_text][\/vc_column][\/vc_row]<\/p>\n<\/div>","protected":false},"excerpt":{"rendered":"<p>[vc_row][vc_column width=&#8221;1\/2&#8243;][vc_column_text css=&#8221;&#8221;]It is with great honor that we welcome you to this conference, dedicated to a reflection as urgent [&hellip;]<\/p>\n","protected":false},"author":1,"featured_media":0,"comment_status":"open","ping_status":"open","sticky":false,"template":"","format":"standard","meta":{"site-sidebar-layout":"default","site-content-layout":"","ast-site-content-layout":"default","site-content-style":"default","site-sidebar-style":"default","ast-global-header-display":"","ast-banner-title-visibility":"","ast-main-header-display":"","ast-hfb-above-header-display":"","ast-hfb-below-header-display":"","ast-hfb-mobile-header-display":"","site-post-title":"","ast-breadcrumbs-content":"","ast-featured-img":"","footer-sml-layout":"","ast-disable-related-posts":"","theme-transparent-header-meta":"default","adv-header-id-meta":"","stick-header-meta":"","header-above-stick-meta":"","header-main-stick-meta":"","header-below-stick-meta":"","astra-migrate-meta-layouts":"set","ast-page-background-enabled":"default","ast-page-background-meta":{"desktop":{"background-color":"var(--ast-global-color-5)","background-image":"","background-repeat":"repeat","background-position":"center center","background-size":"auto","background-attachment":"scroll","background-type":"","background-media":"","overlay-type":"","overlay-color":"","overlay-opacity":"","overlay-gradient":""},"tablet":{"background-color":"","background-image":"","background-repeat":"repeat","background-position":"center center","background-size":"auto","background-attachment":"scroll","background-type":"","background-media":"","overlay-type":"","overlay-color":"","overlay-opacity":"","overlay-gradient":""},"mobile":{"background-color":"","background-image":"","background-repeat":"repeat","background-position":"center center","background-size":"auto","background-attachment":"scroll","background-type":"","background-media":"","overlay-type":"","overlay-color":"","overlay-opacity":"","overlay-gradient":""}},"ast-content-background-meta":{"desktop":{"background-color":"var(--ast-global-color-4)","background-image":"","background-repeat":"repeat","background-position":"center center","background-size":"auto","background-attachment":"scroll","background-type":"","background-media":"","overlay-type":"","overlay-color":"","overlay-opacity":"","overlay-gradient":""},"tablet":{"background-color":"var(--ast-global-color-4)","background-image":"","background-repeat":"repeat","background-position":"center center","background-size":"auto","background-attachment":"scroll","background-type":"","background-media":"","overlay-type":"","overlay-color":"","overlay-opacity":"","overlay-gradient":""},"mobile":{"background-color":"var(--ast-global-color-4)","background-image":"","background-repeat":"repeat","background-position":"center center","background-size":"auto","background-attachment":"scroll","background-type":"","background-media":"","overlay-type":"","overlay-color":"","overlay-opacity":"","overlay-gradient":""}},"footnotes":""},"categories":[1],"tags":[],"class_list":["post-53","post","type-post","status-publish","format-standard","hentry","category-non-classe"],"_links":{"self":[{"href":"https:\/\/tbm2026paris.org\/index.php\/wp-json\/wp\/v2\/posts\/53","targetHints":{"allow":["GET"]}}],"collection":[{"href":"https:\/\/tbm2026paris.org\/index.php\/wp-json\/wp\/v2\/posts"}],"about":[{"href":"https:\/\/tbm2026paris.org\/index.php\/wp-json\/wp\/v2\/types\/post"}],"author":[{"embeddable":true,"href":"https:\/\/tbm2026paris.org\/index.php\/wp-json\/wp\/v2\/users\/1"}],"replies":[{"embeddable":true,"href":"https:\/\/tbm2026paris.org\/index.php\/wp-json\/wp\/v2\/comments?post=53"}],"version-history":[{"count":3,"href":"https:\/\/tbm2026paris.org\/index.php\/wp-json\/wp\/v2\/posts\/53\/revisions"}],"predecessor-version":[{"id":64,"href":"https:\/\/tbm2026paris.org\/index.php\/wp-json\/wp\/v2\/posts\/53\/revisions\/64"}],"wp:attachment":[{"href":"https:\/\/tbm2026paris.org\/index.php\/wp-json\/wp\/v2\/media?parent=53"}],"wp:term":[{"taxonomy":"category","embeddable":true,"href":"https:\/\/tbm2026paris.org\/index.php\/wp-json\/wp\/v2\/categories?post=53"},{"taxonomy":"post_tag","embeddable":true,"href":"https:\/\/tbm2026paris.org\/index.php\/wp-json\/wp\/v2\/tags?post=53"}],"curies":[{"name":"wp","href":"https:\/\/api.w.org\/{rel}","templated":true}]}}