{"id":256,"date":"2026-03-09T14:52:59","date_gmt":"2026-03-09T13:52:59","guid":{"rendered":"https:\/\/tbm2026paris.org\/?p=256"},"modified":"2026-03-09T14:55:25","modified_gmt":"2026-03-09T13:55:25","slug":"mentaliser-avec-les-familles","status":"publish","type":"post","link":"https:\/\/tbm2026paris.org\/index.php\/2026\/03\/09\/mentaliser-avec-les-familles\/","title":{"rendered":"Mentaliser avec les familles"},"content":{"rendered":"<div class=\"wpb-content-wrapper\"><p>[vc_row][vc_column][vc_column_text css=&#8221;&#8221;]<\/p>\r\n<p><strong>Pr\u00e9sentation du symposium\u00a0:<\/strong><\/p>\r\n\r\n<p>Le symposium vise \u00e0 analyser les dynamiques interactionnelles par lesquelles les processus de mentalisation se construisent, se transmettent et se modifient au sein du syst\u00e8me familial. On s\u2019int\u00e9ressera tout particuli\u00e8rement au r\u00f4le des processus de mentalisation dans les transmissions transg\u00e9n\u00e9rationnelles des \u00e9v\u00e9nements traumatiques dans l\u2019histoire des parents. Le symposium explorera \u00e9galement des strat\u00e9gies th\u00e9rapeutiques permettant de soutenir ou d\u2019am\u00e9liorer les comp\u00e9tences de mentalisation au sein des familles tant dans le champ de la pr\u00e9vention pr\u00e9coce notamment pr\u00e9natale que dans le cadre de la psychoth\u00e9rapie familiale aupr\u00e8s d\u2019adolescents.<\/p>\r\n\r\n<p>4 interventions sont programm\u00e9es\u00a0:<\/p>\r\n\r\n<p>1. <strong>Continuit\u00e9 interg\u00e9n\u00e9rationnelle de la maltraitance infantile\u00a0: le r\u00f4le de la fonction r\u00e9flexive parentale<\/strong><\/p>\r\n\r\n<p>Auteurs\u00a0: Miljkovitch, Rapha\u00eble<sup>1,2\u00a0<\/sup>; Danner Touati, Camille<sup> 3\u00a0<\/sup>; Dubois-Comtois, Karine<sup>4\u00a0<\/sup>; Cyr, Chantal<sup>5,6\u00a0<\/sup>; Cerqueira Da Silva, D\u00e9borah<sup>1\u00a0<\/sup>; Sirparanta, Aino Elina<sup>7<\/sup><\/p>\r\n\r\n<p><sup>1<\/sup> Laboratoire Paragraphe, Universit\u00e9 Paris 8, <sup>2 <\/sup>Laboratoire Sciences Cognitives et Sciences Affectives (SCALab) UMR 9193, CNRS, Universit\u00e9 de Lille, <sup>3<\/sup> Unit\u00e9 de recherche CLIPSYD, Universit\u00e9 Paris Nanterre, <sup>4<\/sup>D\u00e9partement de psychologie, Universit\u00e9 du Qu\u00e9bec \u00e0 Trois-Rivi\u00e8res, <sup>5<\/sup> D\u00e9partement de psychologie, Universit\u00e9 du Qu\u00e9bec \u00e0 Montr\u00e9al\u00a0; <sup>6 <\/sup>Institut Universitaire Jeunes en Difficult\u00e9 CIUSSS Centre-Sud-de-l\u2019\u00cele-de-Montr\u00e9al\u00a0; <sup>\u00a07 <\/sup>Laboratoire Inter-universitaire de Psychologie &#8211; Personnalit\u00e9, Cognition et Changement Social,<\/p>\r\n\r\n<p>Universit\u00e9 Grenoble Alpes<\/p>\r\n\r\n<p>R\u00e9sum\u00e9\u00a0: L\u2019\u00e9tude examine le r\u00f4le m\u00e9diateur de la fonction r\u00e9flexive parentale dans le ph\u00e9nom\u00e8ne de continuit\u00e9 interg\u00e9n\u00e9rationnelle de la maltraitance infantile. Soixante-dix-neuf m\u00e8res d\u2019enfants de 3 \u00e0 7 ans, dont 29 suivies par les services de protection de l\u2019enfance pour des faits de maltraitance, ont compl\u00e9t\u00e9 le <em>Childhood Trauma Questionnaire<\/em> (CTQ) ainsi que le <em>Parental Reflective Functioning Questionnaire<\/em> (PRFQ). Les analyses de m\u00e9diation confirment le r\u00f4le m\u00e9diateur d\u2019une faible fonction r\u00e9flexive parentale dans la r\u00e9p\u00e9tition de la maltraitance infantile \u00e0 la g\u00e9n\u00e9ration suivante.<\/p>\r\n\r\n<p><strong>2. <\/strong><strong>\u00abTr<\/strong><strong><em>auma et mentalisation pr\u00e9natale\u00a0: mesures et implications pour le fonctionnement psychologique maternel et le d\u00e9veloppement de l\u2019enfant\u00a0\u00bb<\/em><\/strong><\/p>\r\n\r\n<p>Auteurs\u00a0: Julia Garon-Bissonnette<sup>1,2<\/sup>, Kim Desch\u00eanes<sup>2<\/sup>, Nicolas Berthelot<sup>2<\/sup><\/p>\r\n\r\n<p>Affiliations\u00a0: Vanderbilt University<sup>1<\/sup> &amp; Universit\u00e9 du Qu\u00e9bec \u00e0 Trois-Rivi\u00e8res<sup>2<\/sup><\/p>\r\n\r\n<p><em>R\u00e9sum\u00e9\u00a0: <\/em>Les auteurs examineront les processus de mentalisation au cours de la p\u00e9riode pr\u00e9natale, en distinguant \u00e0 la fois la mentalisation en contexte d\u2019attachement (AAI) et la mentalisation parentale pr\u00e9natale (PI), ainsi que leurs d\u00e9terminants d\u00e9veloppementaux et les corr\u00e9lats individuels et interg\u00e9n\u00e9rationnels.<\/p>\r\n\r\n<p>3. <strong>\u00c9valuation du programme STEP\u00a0: une intervention de groupe bas\u00e9e sur la mentalisation destin\u00e9e aux femmes enceintes ayant v\u00e9cu des traumatismes infantiles<\/strong><\/p>\r\n\r\n<p>Auteurs\u00a0: Nicolas Berthelot<sup>2<\/sup>, Christine Drouin-Maziade<sup>2<\/sup>, Kim Desch\u00eanes<sup>2<\/sup>, Julia Garon-Bissonnette<sup>1,2<\/sup><\/p>\r\n\r\n<p>Affiliation\u00a0: Vanderbilt University<sup>1<\/sup> &amp; Universit\u00e9 du Qu\u00e9bec \u00e0 Trois-Rivi\u00e8res<sup>2<\/sup><\/p>\r\n\r\n<p>R\u00e9sum\u00e9 : L\u2019\u00e9tude vise \u00e0 \u00e9valuer le programme STEP, une intervention pr\u00e9natale de groupe fond\u00e9e sur la mentalisation et sensible aux traumas, compos\u00e9e de neuf s\u00e9ances offertes en t\u00e9l\u00e9pratique \u00e0 des femmes enceintes ayant des ant\u00e9c\u00e9dents de traumatismes durant l\u2019enfance. Les r\u00e9sultats mettent en \u00e9vidence que la participation au programme STEP est associ\u00e9e \u00e0 des diminutions significatives des sympt\u00f4mes d\u00e9pressifs et anxieux, du trauma non r\u00e9solu et de la dysr\u00e9gulation \u00e9motionnelle. Ces r\u00e9sultats sugg\u00e8rent qu\u2019une intervention pr\u00e9natale de groupe br\u00e8ve, fond\u00e9e sur la mentalisation, peut procurer des b\u00e9n\u00e9fices psychologiques cliniquement significatifs chez les femmes enceintes ayant des ant\u00e9c\u00e9dents de traumatismes durant l\u2019enfance.<\/p>\r\n<p>\u00a0<\/p>\r\n\r\n<h6 class=\"wp-block-heading\">4. Changements des processus de Mentalisation au cours de s\u00e9ances de th\u00e9rapie familiale pour les familles avec une adolescente souffrant d\u2019anorexie mentale<\/h6>\r\n<p>\u00a0<\/p>\r\n\r\n<p style=\"font-size: 16px;\">Auteurs\u00a0: Karyn Doba<sup>1,2<\/sup>, Xavier Salopp\u00e9<sup>1,5<\/sup>, Martin Debban\u00e9<sup>3<\/sup>, Laurent Pezard<sup>4<\/sup>, Jean-Louis Nandrino<sup>1,2<\/sup><\/p>\r\n\r\n<p>Affiliation\u00a0: <sup>1 <\/sup>Universit\u00e9 de Lille, <sup>2<\/sup>Fondation Sant\u00e9 des \u00e9tudiants de France, <sup>3<\/sup>Universit\u00e9 de Gen\u00e8ve, <sup>4<\/sup>Aix-Marseille Universit\u00e9, <sup>5<\/sup>Service de psychiatrie, H\u00f4pital de Saint-Amand-les-Eaux,<\/p>\r\n\r\n<p>R\u00e9sum\u00e9\u00a0: L\u2019\u00e9tude examine l\u2019\u00e9volution des processus de mentalisation, tant individuels qu\u2019interactionnels, au sein des familles entre le d\u00e9but et la fin d\u2019une th\u00e9rapie familiale d\u2019une dur\u00e9e de douze mois, dans le contexte de l\u2019anorexie mentale (AN). A partir d\u2019une grille d\u2019observation et d\u2019un codage des processus de mentalisation et des processus \u00e9motionnels au cours des s\u00e9ances, les r\u00e9sultats mettent en \u00e9vidence, chez les patientes souffrant d\u2019AN, une diminution significative du niveau d\u2019incertitude concernant les \u00e9tats mentaux entre le d\u00e9but et la fin de la th\u00e9rapie. Une diminution du niveau de certitude parentale concernant les \u00e9tats mentaux est \u00e9galement observ\u00e9e. <strong>Ces \u00e9volutions sugg\u00e8rent une am\u00e9lioration de la fonction r\u00e9flexive, caract\u00e9ris\u00e9e par une meilleure capacit\u00e9 \u00e0 reconna\u00eetre et \u00e9laborer les \u00e9tats mentaux dans les interactions familiales.<\/strong><\/p>\r\n\r\n<p>&nbsp;<\/p>\r\n<p>[\/vc_column_text][\/vc_column][\/vc_row][vc_row][vc_column width=&#8221;1\/2&#8243;][\/vc_column][vc_column width=&#8221;1\/2&#8243;][vc_column_text css=&#8221;&#8221;]<\/p>\r\n<p><strong>Workshop 9\u00a0<\/strong> &#8211; Friday\u00a029\u00a0May\u00a02026 &#8211; 09:30 \u2013 11:00 &#8211; Amphith\u00e9\u00e2tre Roussy<\/p>\r\n<p>[\/vc_column_text][\/vc_column][\/vc_row]<\/p><\/div>","protected":false},"excerpt":{"rendered":"<p>[vc_row][vc_column][vc_column_text css=&#8221;&#8221;] Pr\u00e9sentation du symposium\u00a0: Le symposium vise \u00e0 analyser les dynamiques interactionnelles par lesquelles les processus de mentalisation se [&hellip;]<\/p>\n","protected":false},"author":2,"featured_media":0,"comment_status":"open","ping_status":"open","sticky":false,"template":"","format":"standard","meta":{"site-sidebar-layout":"default","site-content-layout":"","ast-site-content-layout":"default","site-content-style":"default","site-sidebar-style":"default","ast-global-header-display":"","ast-banner-title-visibility":"","ast-main-header-display":"","ast-hfb-above-header-display":"","ast-hfb-below-header-display":"","ast-hfb-mobile-header-display":"","site-post-title":"","ast-breadcrumbs-content":"","ast-featured-img":"","footer-sml-layout":"","ast-disable-related-posts":"","theme-transparent-header-meta":"default","adv-header-id-meta":"","stick-header-meta":"","header-above-stick-meta":"","header-main-stick-meta":"","header-below-stick-meta":"","astra-migrate-meta-layouts":"set","ast-page-background-enabled":"default","ast-page-background-meta":{"desktop":{"background-color":"var(--ast-global-color-5)","background-image":"","background-repeat":"repeat","background-position":"center center","background-size":"auto","background-attachment":"scroll","background-type":"","background-media":"","overlay-type":"","overlay-color":"","overlay-opacity":"","overlay-gradient":""},"tablet":{"background-color":"","background-image":"","background-repeat":"repeat","background-position":"center center","background-size":"auto","background-attachment":"scroll","background-type":"","background-media":"","overlay-type":"","overlay-color":"","overlay-opacity":"","overlay-gradient":""},"mobile":{"background-color":"","background-image":"","background-repeat":"repeat","background-position":"center center","background-size":"auto","background-attachment":"scroll","background-type":"","background-media":"","overlay-type":"","overlay-color":"","overlay-opacity":"","overlay-gradient":""}},"ast-content-background-meta":{"desktop":{"background-color":"var(--ast-global-color-4)","background-image":"","background-repeat":"repeat","background-position":"center center","background-size":"auto","background-attachment":"scroll","background-type":"","background-media":"","overlay-type":"","overlay-color":"","overlay-opacity":"","overlay-gradient":""},"tablet":{"background-color":"var(--ast-global-color-4)","background-image":"","background-repeat":"repeat","background-position":"center center","background-size":"auto","background-attachment":"scroll","background-type":"","background-media":"","overlay-type":"","overlay-color":"","overlay-opacity":"","overlay-gradient":""},"mobile":{"background-color":"var(--ast-global-color-4)","background-image":"","background-repeat":"repeat","background-position":"center center","background-size":"auto","background-attachment":"scroll","background-type":"","background-media":"","overlay-type":"","overlay-color":"","overlay-opacity":"","overlay-gradient":""}},"footnotes":""},"categories":[13],"tags":[],"class_list":["post-256","post","type-post","status-publish","format-standard","hentry","category-abstract"],"_links":{"self":[{"href":"https:\/\/tbm2026paris.org\/index.php\/wp-json\/wp\/v2\/posts\/256","targetHints":{"allow":["GET"]}}],"collection":[{"href":"https:\/\/tbm2026paris.org\/index.php\/wp-json\/wp\/v2\/posts"}],"about":[{"href":"https:\/\/tbm2026paris.org\/index.php\/wp-json\/wp\/v2\/types\/post"}],"author":[{"embeddable":true,"href":"https:\/\/tbm2026paris.org\/index.php\/wp-json\/wp\/v2\/users\/2"}],"replies":[{"embeddable":true,"href":"https:\/\/tbm2026paris.org\/index.php\/wp-json\/wp\/v2\/comments?post=256"}],"version-history":[{"count":4,"href":"https:\/\/tbm2026paris.org\/index.php\/wp-json\/wp\/v2\/posts\/256\/revisions"}],"predecessor-version":[{"id":266,"href":"https:\/\/tbm2026paris.org\/index.php\/wp-json\/wp\/v2\/posts\/256\/revisions\/266"}],"wp:attachment":[{"href":"https:\/\/tbm2026paris.org\/index.php\/wp-json\/wp\/v2\/media?parent=256"}],"wp:term":[{"taxonomy":"category","embeddable":true,"href":"https:\/\/tbm2026paris.org\/index.php\/wp-json\/wp\/v2\/categories?post=256"},{"taxonomy":"post_tag","embeddable":true,"href":"https:\/\/tbm2026paris.org\/index.php\/wp-json\/wp\/v2\/tags?post=256"}],"curies":[{"name":"wp","href":"https:\/\/api.w.org\/{rel}","templated":true}]}}